{"id":1789,"date":"2012-01-01T13:33:19","date_gmt":"2012-01-01T12:33:19","guid":{"rendered":"http:\/\/www.philippe-lestang.com\/blog\/?p=1789"},"modified":"2012-01-01T13:33:19","modified_gmt":"2012-01-01T12:33:19","slug":"remercier-demander-la-paix-interieure","status":"publish","type":"post","link":"http:\/\/www.philippe-lestang.com\/blog\/2012\/remercier-demander-la-paix-interieure","title":{"rendered":"Remercier; demander la paix int\u00e9rieure"},"content":{"rendered":"<p>Dimanche 1\u00b0 janvier; je souhaite \u00e0 tous les lecteurs de ce blog une ann\u00e9e de paix: paix ext\u00e9rieure si possible; paix int\u00e9rieure en tout cas, en Dieu.<br \/>\nAujourd&rsquo;hui \u00e0 la messe le pr\u00eatre a commenc\u00e9 par proposer que nous rendions gr\u00e2ce pour l&rsquo;ann\u00e9e pass\u00e9e; id\u00e9alement il faudrait sans doute faire plut\u00f4t cela le 31 d\u00e9cembre. Et puis, avons-nous toujours mati\u00e8re \u00e0 rendre gr\u00e2ce? Oui, je pense que chacun de nous, en cherchant, peut trouver mati\u00e8re \u00e0 rendre gr\u00e2ce, dans la foi; mais pour certains cela peut \u00eatre difficile.<br \/>\nPuis le pr\u00eatre a souhait\u00e9 \u00e0 chacun, pour l&rsquo;ann\u00e9e qui vient, la sant\u00e9&#8230; Pourquoi pas, mais on sait bien que beaucoup auront d&rsquo;une fa\u00e7on ou d&rsquo;une autre des p\u00e9pins de ce c\u00f4t\u00e9 l\u00e0; alors est-ce vraiment cela que les chr\u00e9tiens peuvent se souhaiter?<br \/>\nIl me semble que ce que nous pouvons nous souhaiter, c&rsquo;est de marcher sur le chemin que le Seigneur nous propose. Et cela s&rsquo;exprime tout simplement en souhaitant \u00e0 l&rsquo;autre d&rsquo;avoir en lui la paix int\u00e9rieure.<br \/>\nA travers les ennuis, les difficult\u00e9s peut-\u00eatre graves que nous aurons, le mieux est d&rsquo;arriver \u00e0 <em>garder la paix du coeur<\/em>, par notre relation \u00e0 Dieu. <\/p>\n","protected":false},"excerpt":{"rendered":"<p>Dimanche 1\u00b0 janvier; je souhaite \u00e0 tous les lecteurs de ce blog une ann\u00e9e de paix: paix ext\u00e9rieure si possible; paix int\u00e9rieure en tout cas, en Dieu. Aujourd&rsquo;hui \u00e0 la messe le pr\u00eatre a commenc\u00e9 par proposer que nous rendions &hellip; <a href=\"http:\/\/www.philippe-lestang.com\/blog\/2012\/remercier-demander-la-paix-interieure\">Continuer la lecture <span class=\"meta-nav\">&rarr;<\/span><\/a><\/p>\n","protected":false},"author":1,"featured_media":0,"comment_status":"open","ping_status":"closed","sticky":false,"template":"","format":"standard","meta":{"footnotes":""},"categories":[1],"tags":[],"class_list":["post-1789","post","type-post","status-publish","format-standard","hentry","category-non-classe"],"_links":{"self":[{"href":"http:\/\/www.philippe-lestang.com\/blog\/wp-json\/wp\/v2\/posts\/1789","targetHints":{"allow":["GET"]}}],"collection":[{"href":"http:\/\/www.philippe-lestang.com\/blog\/wp-json\/wp\/v2\/posts"}],"about":[{"href":"http:\/\/www.philippe-lestang.com\/blog\/wp-json\/wp\/v2\/types\/post"}],"author":[{"embeddable":true,"href":"http:\/\/www.philippe-lestang.com\/blog\/wp-json\/wp\/v2\/users\/1"}],"replies":[{"embeddable":true,"href":"http:\/\/www.philippe-lestang.com\/blog\/wp-json\/wp\/v2\/comments?post=1789"}],"version-history":[{"count":3,"href":"http:\/\/www.philippe-lestang.com\/blog\/wp-json\/wp\/v2\/posts\/1789\/revisions"}],"predecessor-version":[{"id":1867,"href":"http:\/\/www.philippe-lestang.com\/blog\/wp-json\/wp\/v2\/posts\/1789\/revisions\/1867"}],"wp:attachment":[{"href":"http:\/\/www.philippe-lestang.com\/blog\/wp-json\/wp\/v2\/media?parent=1789"}],"wp:term":[{"taxonomy":"category","embeddable":true,"href":"http:\/\/www.philippe-lestang.com\/blog\/wp-json\/wp\/v2\/categories?post=1789"},{"taxonomy":"post_tag","embeddable":true,"href":"http:\/\/www.philippe-lestang.com\/blog\/wp-json\/wp\/v2\/tags?post=1789"}],"curies":[{"name":"wp","href":"https:\/\/api.w.org\/{rel}","templated":true}]}}