{"id":2549,"date":"2015-06-07T20:06:47","date_gmt":"2015-06-07T19:06:47","guid":{"rendered":"http:\/\/www.philippe-lestang.com\/blog\/?p=2549"},"modified":"2015-06-07T20:13:29","modified_gmt":"2015-06-07T19:13:29","slug":"concepts-idees-1","status":"publish","type":"post","link":"http:\/\/www.philippe-lestang.com\/blog\/2015\/concepts-idees-1","title":{"rendered":"Concepts, id\u00e9es (1)"},"content":{"rendered":"<p>Ceci est l&rsquo;essai d&rsquo;une m\u00e9thode pour rassembler peu \u00e0 peu des r\u00e9flexions sur des sujets g\u00e9n\u00e9raux, notamment philosophiques. Cela se pr\u00e9sente comme des paragraphes \u00e0 propos de mots ou d&rsquo;id\u00e9es. En voici d\u00e9j\u00e0 trois:<\/p>\n<p><strong>Morale\/\u00e9thique<\/strong><br \/>\nJean-Michel Besnier dans \u00ab\u00a0Demain les posthumains\u00a0\u00bb: <em>La morale se contente de prescrire le bien et le mal. L&rsquo;\u00e9thique vise \u00e0 ce que les hommes s&rsquo;efforcent de\u00a0pr\u00e9server entre eux l&rsquo;\u00e9quilibre et l&rsquo;harmonie.<\/em><br \/>\nLa r\u00e9flexion \u00e9thique est le pr\u00e9alable \u00e0 une \u00e9ventuelle action politique (un peu comme pour l&rsquo;\u00e9conomie)<\/p>\n<p><strong>\u00ab\u00a0Pens\u00e9es automatiques\u00a0\u00bb<\/strong><br \/>\nAaron Beck d\u00e9signe ainsi les flux de pens\u00e9es \u00e0 peine conscientes \u00e0 peu pr\u00e8s permanents en nous, et que nous ne commen\u00e7ons \u00e0 rep\u00e9rer qu&rsquo;en y faisant sp\u00e9cialement attention. En devenir conscient peut nous aider grandement \u00e0 comprendre notre propre psychologie. (\u00ab\u00a0<a href=\"http:\/\/www.plestang.com\/livres.php#n13\">La th\u00e9rapie cognitive et les troubles \u00e9motionnels<\/a>\u00a0\u00bb \u2013 1976\/2010)<\/p>\n<p><strong>Relaxation<\/strong><br \/>\nLe mieux en mati\u00e8re de relaxation est me semble-t-il \u2013 si les douleurs que l&rsquo;on a ne sont pas trop fortes &#8211; de faire, seul, une relaxation personnalis\u00e9e: c&rsquo;est \u00e0 dire tout simplement, allong\u00e9, d&rsquo;accepter les douleurs que l&rsquo;on ressent, et de r\u00e9sister au d\u00e9sir de se lever. Rester quelque temps allong\u00e9, de fa\u00e7on souple. Idem la nuit, si on a envie de se lever parce qu&rsquo;on a mal, r\u00e9sister un peu et rester allong\u00e9. En acceptant aussi les id\u00e9es qui nous traversent (sans qu&rsquo;il s&rsquo;agisse de se centrer sur la r\u00e9flexion; c&rsquo;est l&rsquo;acceptation des douleurs, et \u00e9ventuellement leur relativisation, qui reste au centre).<\/p>\n","protected":false},"excerpt":{"rendered":"<p>Ceci est l&rsquo;essai d&rsquo;une m\u00e9thode pour rassembler peu \u00e0 peu des r\u00e9flexions sur des sujets g\u00e9n\u00e9raux, notamment philosophiques. Cela se pr\u00e9sente comme des paragraphes \u00e0 propos de mots ou d&rsquo;id\u00e9es. En voici d\u00e9j\u00e0 trois: Morale\/\u00e9thique Jean-Michel Besnier dans \u00ab\u00a0Demain les &hellip; <a href=\"http:\/\/www.philippe-lestang.com\/blog\/2015\/concepts-idees-1\">Continuer la lecture <span class=\"meta-nav\">&rarr;<\/span><\/a><\/p>\n","protected":false},"author":1,"featured_media":0,"comment_status":"open","ping_status":"closed","sticky":false,"template":"","format":"standard","meta":{"footnotes":""},"categories":[1],"tags":[],"class_list":["post-2549","post","type-post","status-publish","format-standard","hentry","category-non-classe"],"_links":{"self":[{"href":"http:\/\/www.philippe-lestang.com\/blog\/wp-json\/wp\/v2\/posts\/2549","targetHints":{"allow":["GET"]}}],"collection":[{"href":"http:\/\/www.philippe-lestang.com\/blog\/wp-json\/wp\/v2\/posts"}],"about":[{"href":"http:\/\/www.philippe-lestang.com\/blog\/wp-json\/wp\/v2\/types\/post"}],"author":[{"embeddable":true,"href":"http:\/\/www.philippe-lestang.com\/blog\/wp-json\/wp\/v2\/users\/1"}],"replies":[{"embeddable":true,"href":"http:\/\/www.philippe-lestang.com\/blog\/wp-json\/wp\/v2\/comments?post=2549"}],"version-history":[{"count":2,"href":"http:\/\/www.philippe-lestang.com\/blog\/wp-json\/wp\/v2\/posts\/2549\/revisions"}],"predecessor-version":[{"id":2551,"href":"http:\/\/www.philippe-lestang.com\/blog\/wp-json\/wp\/v2\/posts\/2549\/revisions\/2551"}],"wp:attachment":[{"href":"http:\/\/www.philippe-lestang.com\/blog\/wp-json\/wp\/v2\/media?parent=2549"}],"wp:term":[{"taxonomy":"category","embeddable":true,"href":"http:\/\/www.philippe-lestang.com\/blog\/wp-json\/wp\/v2\/categories?post=2549"},{"taxonomy":"post_tag","embeddable":true,"href":"http:\/\/www.philippe-lestang.com\/blog\/wp-json\/wp\/v2\/tags?post=2549"}],"curies":[{"name":"wp","href":"https:\/\/api.w.org\/{rel}","templated":true}]}}