{"id":3374,"date":"2020-12-28T14:54:07","date_gmt":"2020-12-28T13:54:07","guid":{"rendered":"http:\/\/www.philippe-lestang.com\/blog\/?p=3374"},"modified":"2020-12-28T14:56:49","modified_gmt":"2020-12-28T13:56:49","slug":"respirer-inspirer-par-la-bouche","status":"publish","type":"post","link":"http:\/\/www.philippe-lestang.com\/blog\/2020\/respirer-inspirer-par-la-bouche","title":{"rendered":"Respirer (inspirer)&#8230; par la bouche?"},"content":{"rendered":"\n<p>&#8230; ou par le nez?<\/p>\n\n\n\n<p>Lors d&rsquo;une formation pour des animateurs de chant, dans ma paroisse, le formateur, et la plupart des participants, inspiraient par la bouche&#8230;<\/p>\n\n\n\n<p>Pour ma part <strong>j&rsquo;inspire par le nez <\/strong>lorsque j&rsquo;anime les chants (et le reste du temps aussi, y compris pour de br\u00e8ves courses \u00e0 pied). J&rsquo;avoue ne pas me rappeler comment je respirais lorsque je faisais, beaucoup plus jeune, des comp\u00e9titions de 400 m\u00e8tres ou de 800 m\u00e8tres. Mais ce qui est probable, c&rsquo;est que <em>quand je jouais de la fl\u00fbte traversi\u00e8re<\/em>, j&rsquo;inspirais en g\u00e9n\u00e9ral par le nez.<\/p>\n\n\n\n<p>Les articles que j&rsquo;ai consult\u00e9s sur Internet aujourd&rsquo;hui, concernant le chant, pr\u00e9sentent des points de vue divers. Pour les uns il est \u00e9vident qu&rsquo;on inspire par la bouche&#8230; Pour d&rsquo;autres c&rsquo;est le contraire!<\/p>\n\n\n\n<p><a href=\"https:\/\/www.activstudio.fr\/apprendre-respirer-chant\/\"><strong><em>Cet article<\/em><\/strong><\/a> est assez cat\u00e9gorique dans le sens d&rsquo;une respiration par le nez: d&rsquo;une part dans son texte initial \u00ab\u00a0Comment respirer\u00a0\u00bb, o\u00f9 l&rsquo;affirmation est r\u00e9p\u00e9t\u00e9e trois fois; et d&rsquo;autre part dans les commentaires, assez bas, en r\u00e9ponse \u00e0 \u00ab\u00a0Parot\u00a0\u00bb, qui dit \u00ab\u00a0<em>Essayez de chanter en respirant par le nez\u2026 Moi je n\u2019ai jamais vu personne le r\u00e9ussir.<\/em> \u00a0\u00bb L&rsquo;auteur de l&rsquo;article r\u00e9pond:<\/p>\n\n\n\n<p>\u00ab\u00a0<strong>Je t\u2019assure que le syst\u00e8me de respiration naturel est d\u2019inspirer par le nez et d\u2019expirer par la bouche..!!<br>Ceux qui inspirent uniquement par la bouche ont tout simplement prise une mauvaise habitude respiratoire\u2026\u00a0\u00bb<\/strong><\/p>\n\n\n\n<p>Me voil\u00e0 rassur\u00e9  ! :-) <\/p>\n","protected":false},"excerpt":{"rendered":"<p>&#8230; ou par le nez? Lors d&rsquo;une formation pour des animateurs de chant, dans ma paroisse, le formateur, et la plupart des participants, inspiraient par la bouche&#8230; Pour ma part j&rsquo;inspire par le nez lorsque j&rsquo;anime les chants (et le &hellip; <a href=\"http:\/\/www.philippe-lestang.com\/blog\/2020\/respirer-inspirer-par-la-bouche\">Continuer la lecture <span class=\"meta-nav\">&rarr;<\/span><\/a><\/p>\n","protected":false},"author":1,"featured_media":0,"comment_status":"open","ping_status":"closed","sticky":false,"template":"","format":"standard","meta":{"footnotes":""},"categories":[1],"tags":[],"class_list":["post-3374","post","type-post","status-publish","format-standard","hentry","category-non-classe"],"_links":{"self":[{"href":"http:\/\/www.philippe-lestang.com\/blog\/wp-json\/wp\/v2\/posts\/3374","targetHints":{"allow":["GET"]}}],"collection":[{"href":"http:\/\/www.philippe-lestang.com\/blog\/wp-json\/wp\/v2\/posts"}],"about":[{"href":"http:\/\/www.philippe-lestang.com\/blog\/wp-json\/wp\/v2\/types\/post"}],"author":[{"embeddable":true,"href":"http:\/\/www.philippe-lestang.com\/blog\/wp-json\/wp\/v2\/users\/1"}],"replies":[{"embeddable":true,"href":"http:\/\/www.philippe-lestang.com\/blog\/wp-json\/wp\/v2\/comments?post=3374"}],"version-history":[{"count":6,"href":"http:\/\/www.philippe-lestang.com\/blog\/wp-json\/wp\/v2\/posts\/3374\/revisions"}],"predecessor-version":[{"id":3380,"href":"http:\/\/www.philippe-lestang.com\/blog\/wp-json\/wp\/v2\/posts\/3374\/revisions\/3380"}],"wp:attachment":[{"href":"http:\/\/www.philippe-lestang.com\/blog\/wp-json\/wp\/v2\/media?parent=3374"}],"wp:term":[{"taxonomy":"category","embeddable":true,"href":"http:\/\/www.philippe-lestang.com\/blog\/wp-json\/wp\/v2\/categories?post=3374"},{"taxonomy":"post_tag","embeddable":true,"href":"http:\/\/www.philippe-lestang.com\/blog\/wp-json\/wp\/v2\/tags?post=3374"}],"curies":[{"name":"wp","href":"https:\/\/api.w.org\/{rel}","templated":true}]}}