{"id":3400,"date":"2021-02-22T13:17:14","date_gmt":"2021-02-22T12:17:14","guid":{"rendered":"http:\/\/www.philippe-lestang.com\/blog\/?p=3400"},"modified":"2021-02-22T13:17:14","modified_gmt":"2021-02-22T12:17:14","slug":"jaime-le-premier-testament","status":"publish","type":"post","link":"http:\/\/www.philippe-lestang.com\/blog\/2021\/jaime-le-premier-testament","title":{"rendered":"J&rsquo;aime le Premier Testament"},"content":{"rendered":"\n<p>En lisant le remarquable article de Wikipedia sur Simone Weil, j&rsquo;ai admir\u00e9 ses r\u00e9flexions sur la science, et sur la philosophie moderne, ainsi que son parcours spirituel. J&rsquo;ai \u00e9t\u00e9, aussi, impressionn\u00e9 par sa vie, faite d&rsquo;engagements tr\u00e8s forts.<\/p>\n\n\n\n<p>Par contre j&rsquo;ai \u00e9t\u00e9, dans un premier temps, surpris par son attitude tr\u00e8s n\u00e9gative par rapport au Premier Testament, et donc au peuple juif ancien.<\/p>\n\n\n\n<p>Comme si il y avait deux \u00ab\u00a0Dieu\u00a0\u00bb, et que le christianisme supprimait tout ce qui l&rsquo;a pr\u00e9c\u00e9d\u00e9! <\/p>\n\n\n\n<p>Je suis au contraire, comme beaucoup de chr\u00e9tiens, constamment entour\u00e9 par les psaumes et le reste de la Bible; et je vois l&rsquo;histoire d&rsquo;Isra\u00ebl comme une longue mont\u00e9e, qui n&rsquo;est peut-\u00eatre pas finie.<\/p>\n\n\n\n<p>J\u00e9sus aimait son peuple. Je dirais qu&rsquo;il est venu partager ses souffrances, et <em>lui montrer la suite du chemin <\/em>. Seuls certains l&rsquo;ont compris et cela n&rsquo;a rien d&rsquo;\u00e9tonnant.<br>Oui, quand je relis l&rsquo;histoire du peuple juif, j&rsquo;y vois notre itin\u00e9raire \u00e0 chacun, notre mont\u00e9e vers plus d&rsquo;amour.<\/p>\n\n\n\n<p><\/p>\n\n\n\n<p><\/p>\n","protected":false},"excerpt":{"rendered":"<p>En lisant le remarquable article de Wikipedia sur Simone Weil, j&rsquo;ai admir\u00e9 ses r\u00e9flexions sur la science, et sur la philosophie moderne, ainsi que son parcours spirituel. J&rsquo;ai \u00e9t\u00e9, aussi, impressionn\u00e9 par sa vie, faite d&rsquo;engagements tr\u00e8s forts. Par contre &hellip; <a href=\"http:\/\/www.philippe-lestang.com\/blog\/2021\/jaime-le-premier-testament\">Continuer la lecture <span class=\"meta-nav\">&rarr;<\/span><\/a><\/p>\n","protected":false},"author":1,"featured_media":0,"comment_status":"open","ping_status":"closed","sticky":false,"template":"","format":"standard","meta":{"footnotes":""},"categories":[1],"tags":[],"class_list":["post-3400","post","type-post","status-publish","format-standard","hentry","category-non-classe"],"_links":{"self":[{"href":"http:\/\/www.philippe-lestang.com\/blog\/wp-json\/wp\/v2\/posts\/3400","targetHints":{"allow":["GET"]}}],"collection":[{"href":"http:\/\/www.philippe-lestang.com\/blog\/wp-json\/wp\/v2\/posts"}],"about":[{"href":"http:\/\/www.philippe-lestang.com\/blog\/wp-json\/wp\/v2\/types\/post"}],"author":[{"embeddable":true,"href":"http:\/\/www.philippe-lestang.com\/blog\/wp-json\/wp\/v2\/users\/1"}],"replies":[{"embeddable":true,"href":"http:\/\/www.philippe-lestang.com\/blog\/wp-json\/wp\/v2\/comments?post=3400"}],"version-history":[{"count":1,"href":"http:\/\/www.philippe-lestang.com\/blog\/wp-json\/wp\/v2\/posts\/3400\/revisions"}],"predecessor-version":[{"id":3401,"href":"http:\/\/www.philippe-lestang.com\/blog\/wp-json\/wp\/v2\/posts\/3400\/revisions\/3401"}],"wp:attachment":[{"href":"http:\/\/www.philippe-lestang.com\/blog\/wp-json\/wp\/v2\/media?parent=3400"}],"wp:term":[{"taxonomy":"category","embeddable":true,"href":"http:\/\/www.philippe-lestang.com\/blog\/wp-json\/wp\/v2\/categories?post=3400"},{"taxonomy":"post_tag","embeddable":true,"href":"http:\/\/www.philippe-lestang.com\/blog\/wp-json\/wp\/v2\/tags?post=3400"}],"curies":[{"name":"wp","href":"https:\/\/api.w.org\/{rel}","templated":true}]}}