{"id":1398,"date":"2011-08-20T19:47:06","date_gmt":"2011-08-20T18:47:06","guid":{"rendered":"http:\/\/www.philippe-lestang.com\/blog\/?p=1398"},"modified":"2012-01-18T19:57:59","modified_gmt":"2012-01-18T18:57:59","slug":"1398","status":"publish","type":"post","link":"https:\/\/www.philippe-lestang.com\/blog\/2011\/1398","title":{"rendered":"Martin Buber"},"content":{"rendered":"<p>Martin Buber: Je le d\u00e9couvre par Eric Emery (\u00ab\u00a0Pour une philosophie du dialogue &#8211; les combats singuliers de Ferdinand Gonseth\u00a0\u00bb, p.110). Ce qu&rsquo;en dit Wikipedia est all\u00e9chant, et notamment le fait que la libert\u00e9 nait dans la relation du Je et du Tu. Cela me renvoie au livre de Gonseth \u00ab\u00a0D\u00e9terminisme et libre arbitre\u00a0\u00bb que <a href=\"http:\/\/www.plestang.com\/red\/a80.php\">j&rsquo;avais analys\u00e9<\/a>.<br \/>\n\u00ab\u00a0Je et tu\u00a0\u00bb, livre principal de Buber, est quasi introuvable sur Internet, tout au moins en fran\u00e7ais. Mais sur Amazon US j&rsquo;en trouve une traduction anglaise t\u00e9l\u00e9chargeable sur Kindle pour pas trop cher. Un clic, et voil\u00e0 le texte complet sur mon iPad !<br \/>\nCitons Wikipedia:<br \/>\n\u00ab\u00a0La r\u00e9alit\u00e9 subjective Je-Tu s&rsquo;enracine dans le dialogue, tandis que le rapport instrumental Je-cela s&rsquo;ancre dans le monologue, qui transforme le monde et l&rsquo;\u00eatre humain en objet. Dans l&rsquo;ordre du monologue, l&rsquo;autre est r\u00e9ifi\u00e9 &#8211; il est per\u00e7u et utilis\u00e9 &#8211; alors que dans l&rsquo;ordre du dialogue, il est rencontr\u00e9, reconnu et nomm\u00e9 comme \u00eatre singulier.\u00a0\u00bb<br \/>\n\u00ab\u00a0Toute vie r\u00e9elle est rencontre\u00a0\u00bb &#8230;<br \/>\nP.S. En allemand (amazon.de) on le trouve pour 1 euro 85&#8230;<\/p>\n","protected":false},"excerpt":{"rendered":"<p>Martin Buber: Je le d\u00e9couvre par Eric Emery (\u00ab\u00a0Pour une philosophie du dialogue &#8211; les combats singuliers de Ferdinand Gonseth\u00a0\u00bb, p.110). Ce qu&rsquo;en dit Wikipedia est all\u00e9chant, et notamment le fait que la libert\u00e9 nait dans la relation du Je &hellip; <a href=\"https:\/\/www.philippe-lestang.com\/blog\/2011\/1398\">Continuer la lecture <span class=\"meta-nav\">&rarr;<\/span><\/a><\/p>\n","protected":false},"author":1,"featured_media":0,"comment_status":"open","ping_status":"closed","sticky":false,"template":"","format":"standard","meta":{"footnotes":""},"categories":[1],"tags":[],"class_list":["post-1398","post","type-post","status-publish","format-standard","hentry","category-non-classe"],"_links":{"self":[{"href":"https:\/\/www.philippe-lestang.com\/blog\/wp-json\/wp\/v2\/posts\/1398","targetHints":{"allow":["GET"]}}],"collection":[{"href":"https:\/\/www.philippe-lestang.com\/blog\/wp-json\/wp\/v2\/posts"}],"about":[{"href":"https:\/\/www.philippe-lestang.com\/blog\/wp-json\/wp\/v2\/types\/post"}],"author":[{"embeddable":true,"href":"https:\/\/www.philippe-lestang.com\/blog\/wp-json\/wp\/v2\/users\/1"}],"replies":[{"embeddable":true,"href":"https:\/\/www.philippe-lestang.com\/blog\/wp-json\/wp\/v2\/comments?post=1398"}],"version-history":[{"count":5,"href":"https:\/\/www.philippe-lestang.com\/blog\/wp-json\/wp\/v2\/posts\/1398\/revisions"}],"predecessor-version":[{"id":1921,"href":"https:\/\/www.philippe-lestang.com\/blog\/wp-json\/wp\/v2\/posts\/1398\/revisions\/1921"}],"wp:attachment":[{"href":"https:\/\/www.philippe-lestang.com\/blog\/wp-json\/wp\/v2\/media?parent=1398"}],"wp:term":[{"taxonomy":"category","embeddable":true,"href":"https:\/\/www.philippe-lestang.com\/blog\/wp-json\/wp\/v2\/categories?post=1398"},{"taxonomy":"post_tag","embeddable":true,"href":"https:\/\/www.philippe-lestang.com\/blog\/wp-json\/wp\/v2\/tags?post=1398"}],"curies":[{"name":"wp","href":"https:\/\/api.w.org\/{rel}","templated":true}]}}