{"id":1490,"date":"2011-10-01T14:59:39","date_gmt":"2011-10-01T13:59:39","guid":{"rendered":"http:\/\/www.philippe-lestang.com\/blog\/?p=1490"},"modified":"2011-12-12T18:08:07","modified_gmt":"2011-12-12T17:08:07","slug":"1490","status":"publish","type":"post","link":"https:\/\/www.philippe-lestang.com\/blog\/2011\/1490","title":{"rendered":"\u00ab\u00a0D\u00e9sol\u00e9, la souffrance n&rsquo;est pas finie..\u00a0\u00bb"},"content":{"rendered":"<p>Concernant la vie apr\u00e8s la mort, j&rsquo;ai \u00e9crit l&rsquo;an dernier un billet intitul\u00e9 \u00ab\u00a0<a href=\"http:\/\/www.plestang.com\/red\/a207.php\">Les travaux continuent<\/a>\u00a0\u00bb (c&rsquo;\u00e9tait d\u00e9j\u00e0 un premier octobre, f\u00eate de Th\u00e9r\u00e8se de Lisieux!).<br \/>\nAujourd&rsquo;hui, apr\u00e8s avoir rendu visite \u00e0 une amie tr\u00e8s souffrante et tr\u00e8s croyante, pensant aux autres plus qu&rsquo;\u00e0 elle-m\u00eame, je suis tent\u00e9 d&rsquo;imaginer qu&rsquo;apr\u00e8s la mort (\u00ab\u00a0au ciel\u00a0\u00bb), la souffrance continue.<br \/>\nOui, il s&rsquo;agit d&rsquo;\u00eatre capable de <a href=\"https:\/\/plus.google.com\/106350471086005316158\/posts\/G1dCfSvfwKG\">compatir<\/a> de plus en plus avec tous, comme J\u00e9sus l&rsquo;a fait. Parce que l&rsquo;amour ne deviendra \u00ab\u00a0tout en tous\u00a0\u00bb (1 Co 15,28), comme je l&rsquo;imagine dans mon <a href=\"http:\/\/www.plestang.com\/salut.php\">texte sur le salut<\/a>, que si chacun de nous devient capable d&rsquo;accepter la souffrance.<br \/>\nCette amie, qui en a son lot sur terre, aura moins de mal \u00e0 s&rsquo;adapter aux <a href=\"http:\/\/plestang.free.fr\/notes.htm#11\">temp\u00eates de l&rsquo;au-del\u00e0<\/a>&#8230;<br \/>\nP.S.: Je repense aussi \u00e0 ce que j&rsquo;\u00e9crivais sur \u00ab\u00a0<a href=\"http:\/\/plestang.free.fr\/lesch_i1.htm#enbas\">Dieu tout en bas<\/a>\u00ab\u00a0.<\/p>\n","protected":false},"excerpt":{"rendered":"<p>Concernant la vie apr\u00e8s la mort, j&rsquo;ai \u00e9crit l&rsquo;an dernier un billet intitul\u00e9 \u00ab\u00a0Les travaux continuent\u00a0\u00bb (c&rsquo;\u00e9tait d\u00e9j\u00e0 un premier octobre, f\u00eate de Th\u00e9r\u00e8se de Lisieux!). Aujourd&rsquo;hui, apr\u00e8s avoir rendu visite \u00e0 une amie tr\u00e8s souffrante et tr\u00e8s croyante, pensant &hellip; <a href=\"https:\/\/www.philippe-lestang.com\/blog\/2011\/1490\">Continuer la lecture <span class=\"meta-nav\">&rarr;<\/span><\/a><\/p>\n","protected":false},"author":1,"featured_media":0,"comment_status":"open","ping_status":"closed","sticky":false,"template":"","format":"standard","meta":{"footnotes":""},"categories":[1],"tags":[],"class_list":["post-1490","post","type-post","status-publish","format-standard","hentry","category-non-classe"],"_links":{"self":[{"href":"https:\/\/www.philippe-lestang.com\/blog\/wp-json\/wp\/v2\/posts\/1490","targetHints":{"allow":["GET"]}}],"collection":[{"href":"https:\/\/www.philippe-lestang.com\/blog\/wp-json\/wp\/v2\/posts"}],"about":[{"href":"https:\/\/www.philippe-lestang.com\/blog\/wp-json\/wp\/v2\/types\/post"}],"author":[{"embeddable":true,"href":"https:\/\/www.philippe-lestang.com\/blog\/wp-json\/wp\/v2\/users\/1"}],"replies":[{"embeddable":true,"href":"https:\/\/www.philippe-lestang.com\/blog\/wp-json\/wp\/v2\/comments?post=1490"}],"version-history":[{"count":14,"href":"https:\/\/www.philippe-lestang.com\/blog\/wp-json\/wp\/v2\/posts\/1490\/revisions"}],"predecessor-version":[{"id":1721,"href":"https:\/\/www.philippe-lestang.com\/blog\/wp-json\/wp\/v2\/posts\/1490\/revisions\/1721"}],"wp:attachment":[{"href":"https:\/\/www.philippe-lestang.com\/blog\/wp-json\/wp\/v2\/media?parent=1490"}],"wp:term":[{"taxonomy":"category","embeddable":true,"href":"https:\/\/www.philippe-lestang.com\/blog\/wp-json\/wp\/v2\/categories?post=1490"},{"taxonomy":"post_tag","embeddable":true,"href":"https:\/\/www.philippe-lestang.com\/blog\/wp-json\/wp\/v2\/tags?post=1490"}],"curies":[{"name":"wp","href":"https:\/\/api.w.org\/{rel}","templated":true}]}}