{"id":1762,"date":"2011-12-14T15:46:59","date_gmt":"2011-12-14T14:46:59","guid":{"rendered":"http:\/\/www.philippe-lestang.com\/blog\/?p=1762"},"modified":"2011-12-14T17:16:27","modified_gmt":"2011-12-14T16:16:27","slug":"nuit-de-la-foi-rien-apres","status":"publish","type":"post","link":"https:\/\/www.philippe-lestang.com\/blog\/2011\/nuit-de-la-foi-rien-apres","title":{"rendered":"\u00ab\u00a0Nuit de la foi\u00a0\u00bb &#8211; Rien apr\u00e8s?"},"content":{"rendered":"<p>On parle souvent de la \u00ab\u00a0nuit de la foi\u00a0\u00bb qu&rsquo;ont v\u00e9cu certains saints comme Th\u00e9r\u00e8se de Lisieux ou M\u00e8re Teresa: elles n&rsquo;avaient aucun sentiment ni aucune assurance comme quoi elles \u00e9taient sur la bonne voie.<br \/>\nEst-ce qu&rsquo;elle se demandaient si elles avaient raison de continuer le choix de vie qui \u00e9tait le leur? Je n&rsquo;en suis pas s\u00fbr; elles \u00e9taient peut-\u00eatre \u00ab\u00a0seulement\u00a0\u00bb dans la \u00ab\u00a0d\u00e9solation\u00a0\u00bb: un peu comme si elles n&rsquo;avaient pas de nouvelles d&rsquo;un \u00eatre aim\u00e9. Ou alors peut-\u00eatre s&rsquo;agissait-il aussi d&rsquo;une tentation.<br \/>\nJ&rsquo;ai tendance \u00e0 faire un rapprochement entre la situation ci-dessus et une conviction que j&rsquo;ai depuis des ann\u00e9es. A savoir que, <em>m\u00eame s&rsquo;il n&rsquo;y a rien apr\u00e8s la mort<\/em>, cela vaut la peine de vivre en chr\u00e9tien, de se donner enti\u00e8rement \u00e0 l&rsquo;amour. Car c&rsquo;est, pour moi et certainement pour beaucoup d&rsquo;autres, la seule fa\u00e7on de vivre qui puisse nous satisfaire; un tr\u00e9sor que nous avons trouv\u00e9 et qui nous remplit. Et comme nous nous remettons enti\u00e8rement entre les mains du Seigneur, la d\u00e9solation, la nuit, si elle doit se produire, sera un morceau du chemin, accept\u00e9 \u00e0 l&rsquo;avance.<\/p>\n","protected":false},"excerpt":{"rendered":"<p>On parle souvent de la \u00ab\u00a0nuit de la foi\u00a0\u00bb qu&rsquo;ont v\u00e9cu certains saints comme Th\u00e9r\u00e8se de Lisieux ou M\u00e8re Teresa: elles n&rsquo;avaient aucun sentiment ni aucune assurance comme quoi elles \u00e9taient sur la bonne voie. Est-ce qu&rsquo;elle se demandaient si &hellip; <a href=\"https:\/\/www.philippe-lestang.com\/blog\/2011\/nuit-de-la-foi-rien-apres\">Continuer la lecture <span class=\"meta-nav\">&rarr;<\/span><\/a><\/p>\n","protected":false},"author":1,"featured_media":0,"comment_status":"open","ping_status":"closed","sticky":false,"template":"","format":"standard","meta":{"footnotes":""},"categories":[1],"tags":[],"class_list":["post-1762","post","type-post","status-publish","format-standard","hentry","category-non-classe"],"_links":{"self":[{"href":"https:\/\/www.philippe-lestang.com\/blog\/wp-json\/wp\/v2\/posts\/1762","targetHints":{"allow":["GET"]}}],"collection":[{"href":"https:\/\/www.philippe-lestang.com\/blog\/wp-json\/wp\/v2\/posts"}],"about":[{"href":"https:\/\/www.philippe-lestang.com\/blog\/wp-json\/wp\/v2\/types\/post"}],"author":[{"embeddable":true,"href":"https:\/\/www.philippe-lestang.com\/blog\/wp-json\/wp\/v2\/users\/1"}],"replies":[{"embeddable":true,"href":"https:\/\/www.philippe-lestang.com\/blog\/wp-json\/wp\/v2\/comments?post=1762"}],"version-history":[{"count":6,"href":"https:\/\/www.philippe-lestang.com\/blog\/wp-json\/wp\/v2\/posts\/1762\/revisions"}],"predecessor-version":[{"id":1868,"href":"https:\/\/www.philippe-lestang.com\/blog\/wp-json\/wp\/v2\/posts\/1762\/revisions\/1868"}],"wp:attachment":[{"href":"https:\/\/www.philippe-lestang.com\/blog\/wp-json\/wp\/v2\/media?parent=1762"}],"wp:term":[{"taxonomy":"category","embeddable":true,"href":"https:\/\/www.philippe-lestang.com\/blog\/wp-json\/wp\/v2\/categories?post=1762"},{"taxonomy":"post_tag","embeddable":true,"href":"https:\/\/www.philippe-lestang.com\/blog\/wp-json\/wp\/v2\/tags?post=1762"}],"curies":[{"name":"wp","href":"https:\/\/api.w.org\/{rel}","templated":true}]}}