{"id":1979,"date":"2013-06-04T13:13:15","date_gmt":"2013-06-04T12:13:15","guid":{"rendered":"http:\/\/www.philippe-lestang.com\/blog\/?p=1979"},"modified":"2013-06-04T13:21:19","modified_gmt":"2013-06-04T12:21:19","slug":"la-ou-nous-disons-non","status":"publish","type":"post","link":"https:\/\/www.philippe-lestang.com\/blog\/2013\/la-ou-nous-disons-non","title":{"rendered":"\u00ab\u00a0L\u00e0 o\u00f9 nous disons non&#8230;\u00a0\u00bb"},"content":{"rendered":"<p>Une phrase dite par le pr\u00eatre \u00e0 la messe ce midi m&rsquo;a laiss\u00e9 perplexe. Il a demand\u00e9 que Dieu nous donne aux uns et aux autres \u00ab\u00a0<em>la gr\u00e2ce de dire oui l\u00e0 o\u00f9 nous disons non\u00a0\u00bb.<br \/>\n<\/em>Face \u00e0 une phrase comme celle-l\u00e0, j&rsquo;ai l&rsquo;impression que mon christianisme est bien diff\u00e9rent de celui propos\u00e9 par ce pr\u00eatre.<\/p>\n<p>Depuis des ann\u00e9es, ma vie est centr\u00e9e sur le Seigneur. Mais en m\u00eame temps, c&rsquo;est moi dont il s&rsquo;agit; c&rsquo;est \u00e0 dire que ce que j&rsquo;ai \u00e0 \u00ab\u00a0g\u00e9rer\u00a0\u00bb d&rsquo;abord, c&rsquo;est ma personnalit\u00e9, mes caract\u00e9ristiques, un peu comme si j&rsquo;\u00e9tais \u00e0 un niveau \u00ab\u00a0meta\u00a0\u00bb (\u00ab\u00a0au dessus\u00a0\u00bb) par rapport \u00e0 moi: je constate ce que je pense, et la spontan\u00e9it\u00e9 de mon corps, et j&rsquo;essaie de guider mon esprit et\u00a0mon corps vers ce qui me semble aller dans le sens du Seigneur.<\/p>\n<p>L&rsquo;id\u00e9e que c&rsquo;est mal de \u00ab\u00a0dire non \u00a0\u00bb n&rsquo;a pas de sens pour moi, pour deux raisons:<br \/>\n&#8211; D&rsquo;une part parce que bien entendu, pour garder son \u00e9quilibre, il ne faut pas dire \u00ab\u00a0oui\u00a0\u00bb \u00e0 toute sollicitation, \u00e0 toute demande. Il ne s&rsquo;agit pas de s&rsquo;\u00e9puiser (J&rsquo;ai d\u00e9j\u00e0 cit\u00e9 me semble-t-il la phrase de Jean XXIII au P\u00e8re Lebret: \u00ab\u00a0Mon p\u00e8re, on croirait que vous portez le poids du monde sur vos \u00e9paules: mais J\u00e9sus l&rsquo;a d\u00e9j\u00e0 sauv\u00e9!\u00a0\u00bb). Il s&rsquo;agit d&rsquo;\u00e9valuer quand il faut dire oui, et quand il faut dire non!<br \/>\n&#8211; Et d&rsquo;autre part parce que je suis un \u00eatre limit\u00e9, dont je regarde globalement le comportement. Bien entendu, dans ce comportement il y a \u00e9norm\u00e9ment de p\u00e9ch\u00e9; mais<em> j&rsquo;essaie d&rsquo;\u00eatre par rapport \u00e0 moi-m\u00eame comme une m\u00e8re par rapport \u00e0 son enfant qu&rsquo;elle aime<\/em>. Je constate mes fautes, mes faiblesses, mes lacunes, et je cherche comment \u00ab\u00a0me manoeuvrer moi-m\u00eame\u00a0\u00bb pour aller vers plus d&rsquo;amour. J&rsquo;accepte ma spontan\u00e9it\u00e9; c&rsquo;est ainsi que je m&rsquo;aime et que je d\u00e9couvre ce que je suis et comment me faire \u00e9voluer moi-m\u00eame.\u00a0Je ne raisonne pas en \u00ab\u00a0oui\u00a0\u00bb et \u00ab\u00a0non\u00a0\u00bb.<\/p>\n","protected":false},"excerpt":{"rendered":"<p>Une phrase dite par le pr\u00eatre \u00e0 la messe ce midi m&rsquo;a laiss\u00e9 perplexe. Il a demand\u00e9 que Dieu nous donne aux uns et aux autres \u00ab\u00a0la gr\u00e2ce de dire oui l\u00e0 o\u00f9 nous disons non\u00a0\u00bb. Face \u00e0 une phrase &hellip; <a href=\"https:\/\/www.philippe-lestang.com\/blog\/2013\/la-ou-nous-disons-non\">Continuer la lecture <span class=\"meta-nav\">&rarr;<\/span><\/a><\/p>\n","protected":false},"author":1,"featured_media":0,"comment_status":"open","ping_status":"closed","sticky":false,"template":"","format":"standard","meta":{"footnotes":""},"categories":[1],"tags":[],"class_list":["post-1979","post","type-post","status-publish","format-standard","hentry","category-non-classe"],"_links":{"self":[{"href":"https:\/\/www.philippe-lestang.com\/blog\/wp-json\/wp\/v2\/posts\/1979","targetHints":{"allow":["GET"]}}],"collection":[{"href":"https:\/\/www.philippe-lestang.com\/blog\/wp-json\/wp\/v2\/posts"}],"about":[{"href":"https:\/\/www.philippe-lestang.com\/blog\/wp-json\/wp\/v2\/types\/post"}],"author":[{"embeddable":true,"href":"https:\/\/www.philippe-lestang.com\/blog\/wp-json\/wp\/v2\/users\/1"}],"replies":[{"embeddable":true,"href":"https:\/\/www.philippe-lestang.com\/blog\/wp-json\/wp\/v2\/comments?post=1979"}],"version-history":[{"count":7,"href":"https:\/\/www.philippe-lestang.com\/blog\/wp-json\/wp\/v2\/posts\/1979\/revisions"}],"predecessor-version":[{"id":1986,"href":"https:\/\/www.philippe-lestang.com\/blog\/wp-json\/wp\/v2\/posts\/1979\/revisions\/1986"}],"wp:attachment":[{"href":"https:\/\/www.philippe-lestang.com\/blog\/wp-json\/wp\/v2\/media?parent=1979"}],"wp:term":[{"taxonomy":"category","embeddable":true,"href":"https:\/\/www.philippe-lestang.com\/blog\/wp-json\/wp\/v2\/categories?post=1979"},{"taxonomy":"post_tag","embeddable":true,"href":"https:\/\/www.philippe-lestang.com\/blog\/wp-json\/wp\/v2\/tags?post=1979"}],"curies":[{"name":"wp","href":"https:\/\/api.w.org\/{rel}","templated":true}]}}