{"id":2834,"date":"2018-04-25T04:25:35","date_gmt":"2018-04-25T03:25:35","guid":{"rendered":"http:\/\/www.philippe-lestang.com\/blog\/?p=2834"},"modified":"2018-04-25T04:25:35","modified_gmt":"2018-04-25T03:25:35","slug":"contempler-dieu","status":"publish","type":"post","link":"https:\/\/www.philippe-lestang.com\/blog\/2018\/contempler-dieu","title":{"rendered":"Contempler Dieu?"},"content":{"rendered":"<p>Un ami propose sur Facebook une citation de Louis Evely: \u00ab\u00a0Chacun de nous deviendra le Dieu qu&rsquo;il contemple (&#8230;) Car contempler, c&rsquo;est devenir\u00a0\u00bb.<br \/>\nInt\u00e9ressant sans doute, et vrai sous un certain angle.<\/p>\n<p>Mais il faut aussi garder en t\u00eate me semble-t-il que, dans la vie chr\u00e9tienne, la contemplation n&rsquo;est habituellement pas la premi\u00e8re \u00e9tape, ni m\u00eame la deuxi\u00e8me.<\/p>\n<p>La premi\u00e8re v\u00e9ritable \u00e9tape, c&rsquo;est l&rsquo;entr\u00e9e dans une relation personnelle avec Dieu; c&rsquo;est la <a href=\"http:\/\/www.philippe-lestang.com\/blog\/2018\/la-decision-de-foi\">d\u00e9cision de foi<\/a>: \u00ab\u00a0Je crois en toi; je crois que tu es vivant, pr\u00e9sent\u00a0\u00bb.<br \/>\nEt la deuxi\u00e8me \u00e9tape, c&rsquo;est, dans la pri\u00e8re, l&rsquo;engagement concret de notre vie sur la base de notre foi.<\/p>\n<p>Il est vrai qu&rsquo;on a forc\u00e9ment, implicitement, une fa\u00e7on de \u00ab\u00a0penser Dieu\u00a0\u00bb.<br \/>\nMais la v\u00e9ritable contemplation passe peut-\u00eatre d&rsquo;abord par la pri\u00e8re sur la base de passages d&rsquo;\u00e9vangile, en \u00ab\u00a0se repr\u00e9sentant la sc\u00e8ne\u00a0\u00bb.<br \/>\nEn contemplant J\u00e9sus.<\/p>\n","protected":false},"excerpt":{"rendered":"<p>Un ami propose sur Facebook une citation de Louis Evely: \u00ab\u00a0Chacun de nous deviendra le Dieu qu&rsquo;il contemple (&#8230;) Car contempler, c&rsquo;est devenir\u00a0\u00bb. Int\u00e9ressant sans doute, et vrai sous un certain angle. Mais il faut aussi garder en t\u00eate me &hellip; <a href=\"https:\/\/www.philippe-lestang.com\/blog\/2018\/contempler-dieu\">Continuer la lecture <span class=\"meta-nav\">&rarr;<\/span><\/a><\/p>\n","protected":false},"author":1,"featured_media":0,"comment_status":"open","ping_status":"closed","sticky":false,"template":"","format":"standard","meta":{"footnotes":""},"categories":[1],"tags":[],"class_list":["post-2834","post","type-post","status-publish","format-standard","hentry","category-non-classe"],"_links":{"self":[{"href":"https:\/\/www.philippe-lestang.com\/blog\/wp-json\/wp\/v2\/posts\/2834","targetHints":{"allow":["GET"]}}],"collection":[{"href":"https:\/\/www.philippe-lestang.com\/blog\/wp-json\/wp\/v2\/posts"}],"about":[{"href":"https:\/\/www.philippe-lestang.com\/blog\/wp-json\/wp\/v2\/types\/post"}],"author":[{"embeddable":true,"href":"https:\/\/www.philippe-lestang.com\/blog\/wp-json\/wp\/v2\/users\/1"}],"replies":[{"embeddable":true,"href":"https:\/\/www.philippe-lestang.com\/blog\/wp-json\/wp\/v2\/comments?post=2834"}],"version-history":[{"count":4,"href":"https:\/\/www.philippe-lestang.com\/blog\/wp-json\/wp\/v2\/posts\/2834\/revisions"}],"predecessor-version":[{"id":2838,"href":"https:\/\/www.philippe-lestang.com\/blog\/wp-json\/wp\/v2\/posts\/2834\/revisions\/2838"}],"wp:attachment":[{"href":"https:\/\/www.philippe-lestang.com\/blog\/wp-json\/wp\/v2\/media?parent=2834"}],"wp:term":[{"taxonomy":"category","embeddable":true,"href":"https:\/\/www.philippe-lestang.com\/blog\/wp-json\/wp\/v2\/categories?post=2834"},{"taxonomy":"post_tag","embeddable":true,"href":"https:\/\/www.philippe-lestang.com\/blog\/wp-json\/wp\/v2\/tags?post=2834"}],"curies":[{"name":"wp","href":"https:\/\/api.w.org\/{rel}","templated":true}]}}