{"id":2924,"date":"2018-08-07T20:16:25","date_gmt":"2018-08-07T19:16:25","guid":{"rendered":"http:\/\/www.philippe-lestang.com\/blog\/?p=2924"},"modified":"2018-08-08T05:36:02","modified_gmt":"2018-08-08T04:36:02","slug":"les-intellectuels-aiment-ils","status":"publish","type":"post","link":"https:\/\/www.philippe-lestang.com\/blog\/2018\/les-intellectuels-aiment-ils","title":{"rendered":"Les intellectuels aiment-ils?"},"content":{"rendered":"<p>Un r\u00e9cent article de Benoit XVI-Ratzinger<a href=\"https:\/\/www.cath.ch\/newsf\/theologie-de-benoit-xvi-les-rabbins-allemands-interpellent-le-cardinal-koch\/\"> a \u00e9t\u00e9 peu appr\u00e9ci\u00e9<\/a> par certaines communaut\u00e9s juives.<\/p>\n<p>Joseph Ratzinger-Benoit XVI explique en effet que \u00ab\u00a0<strong>une interpr\u00e9tation th\u00e9ologique de l\u2019Etat d\u2019Isra\u00ebl, qui relie la fondation de l\u2019Etat juif \u00e0 la promesse biblique de la terre, est impossible selon la compr\u00e9hension chr\u00e9tienne\u201d.\u00a0<\/strong><\/p>\n<p>Je sugg\u00e8re pour ma part que \u00ab\u00a0imparfaite est notre science, imparfaite est notre connaissance\u00a0\u00bb ! (Saint Paul).<\/p>\n<p>Est-ce aux chr\u00e9tiens, si titr\u00e9s soient-ils, de d\u00e9cider ce que Dieu a pr\u00e9vu pour Isra\u00ebl?<\/p>\n<p>Le probl\u00e8me des intellectuels, c&rsquo;est que souvent ils oublient que l&rsquo;essentiel nous d\u00e9passe (n&rsquo;est-ce pas, Saint Ex?)<\/p>\n<p>Il s&rsquo;agit d&rsquo;aimer. Et pas de remplacer l&rsquo;amour, ainsi que la foi, par des raisonnements. C&rsquo;est le probl\u00e8me des intellectuels, et de l&rsquo;Eglise, en tout temps.<\/p>\n<p>(Billet d&rsquo;humeur, je le reconnais: \u00ab\u00a0Tais-toi donc, grand Jacques \/ Joseph&#8230;! Que sais-tu du plan de Dieu?\u00a0\u00bb)<\/p>\n<p><em>Post Scriptum &#8211; Je pense \u00e0 la fin de l&rsquo;\u00e9pisode de l&rsquo;aveugle n\u00e9: \u00ab\u00a0Vous dites &lsquo;nous savons&rsquo; &#8211; c&rsquo;est pourquoi vous restez aveugles\u00a0\u00bb\u00a0<\/em> (Trad Ph.L. \/ Le R.A.)<\/p>\n","protected":false},"excerpt":{"rendered":"<p>Un r\u00e9cent article de Benoit XVI-Ratzinger a \u00e9t\u00e9 peu appr\u00e9ci\u00e9 par certaines communaut\u00e9s juives. Joseph Ratzinger-Benoit XVI explique en effet que \u00ab\u00a0une interpr\u00e9tation th\u00e9ologique de l\u2019Etat d\u2019Isra\u00ebl, qui relie la fondation de l\u2019Etat juif \u00e0 la promesse biblique de la &hellip; <a href=\"https:\/\/www.philippe-lestang.com\/blog\/2018\/les-intellectuels-aiment-ils\">Continuer la lecture <span class=\"meta-nav\">&rarr;<\/span><\/a><\/p>\n","protected":false},"author":1,"featured_media":0,"comment_status":"open","ping_status":"closed","sticky":false,"template":"","format":"standard","meta":{"footnotes":""},"categories":[1],"tags":[],"class_list":["post-2924","post","type-post","status-publish","format-standard","hentry","category-non-classe"],"_links":{"self":[{"href":"https:\/\/www.philippe-lestang.com\/blog\/wp-json\/wp\/v2\/posts\/2924","targetHints":{"allow":["GET"]}}],"collection":[{"href":"https:\/\/www.philippe-lestang.com\/blog\/wp-json\/wp\/v2\/posts"}],"about":[{"href":"https:\/\/www.philippe-lestang.com\/blog\/wp-json\/wp\/v2\/types\/post"}],"author":[{"embeddable":true,"href":"https:\/\/www.philippe-lestang.com\/blog\/wp-json\/wp\/v2\/users\/1"}],"replies":[{"embeddable":true,"href":"https:\/\/www.philippe-lestang.com\/blog\/wp-json\/wp\/v2\/comments?post=2924"}],"version-history":[{"count":6,"href":"https:\/\/www.philippe-lestang.com\/blog\/wp-json\/wp\/v2\/posts\/2924\/revisions"}],"predecessor-version":[{"id":2932,"href":"https:\/\/www.philippe-lestang.com\/blog\/wp-json\/wp\/v2\/posts\/2924\/revisions\/2932"}],"wp:attachment":[{"href":"https:\/\/www.philippe-lestang.com\/blog\/wp-json\/wp\/v2\/media?parent=2924"}],"wp:term":[{"taxonomy":"category","embeddable":true,"href":"https:\/\/www.philippe-lestang.com\/blog\/wp-json\/wp\/v2\/categories?post=2924"},{"taxonomy":"post_tag","embeddable":true,"href":"https:\/\/www.philippe-lestang.com\/blog\/wp-json\/wp\/v2\/tags?post=2924"}],"curies":[{"name":"wp","href":"https:\/\/api.w.org\/{rel}","templated":true}]}}